{"id":113,"date":"2012-06-01T10:53:16","date_gmt":"2012-06-01T09:53:16","guid":{"rendered":"http:\/\/www.mediaartdesign.net\/blog\/?p=113"},"modified":"2012-07-23T10:54:35","modified_gmt":"2012-07-23T09:54:35","slug":"la-somme-de-nos-regards-expires","status":"publish","type":"post","link":"https:\/\/www.mediaartdesign.net\/blog\/?p=113","title":{"rendered":"La somme de nos regards expir\u00e9s"},"content":{"rendered":"<p><span style=\"color: #000000;\"><strong><a href=\"http:\/\/www.mediaartdesign.net\/blog\/wp-content\/uploads\/2012\/07\/12_06_01.jpg\"><img decoding=\"async\" loading=\"lazy\" class=\"alignnone size-full wp-image-114\" title=\"12_06_01\" src=\"http:\/\/www.mediaartdesign.net\/blog\/wp-content\/uploads\/2012\/07\/12_06_01.jpg\" alt=\"\" width=\"640\" height=\"427\" srcset=\"https:\/\/www.mediaartdesign.net\/blog\/wp-content\/uploads\/2012\/07\/12_06_01.jpg 640w, https:\/\/www.mediaartdesign.net\/blog\/wp-content\/uploads\/2012\/07\/12_06_01-300x200.jpg 300w\" sizes=\"(max-width: 640px) 100vw, 640px\" \/><\/a><\/strong><\/span><\/p>\n<p style=\"text-align: right;\"><em><em>C\u00e9cile Beau, \u201cSillage\u201d, 2008, en collaboration avec Nicolas Montgermont.<\/em><\/em><\/p>\n<p>Les s\u00e9ismes, depuis toujours, pr\u00e9occupent les hommes qui en dressent m\u00e9thodiquement les relev\u00e9s dont les plus anciens datent du huiti\u00e8me mill\u00e9naire av. J.-C. Lorsque la terre a trembl\u00e9 le 12 mars 2008 au Chili \u00e0 15h12, les machines se sont activ\u00e9es pour mesurer, avant de les archiver, ces pr\u00e9cieuses donn\u00e9es cataclysmiques. Cela, sans savoir qu&rsquo;un jour, quelqu\u2019un les exploiterait \u00e0 d&rsquo;autres fins. Ainsi, dans l&rsquo;exposition intitul\u00e9e \u201c<em>Subfaciem<\/em>\u201d qui se tient actuellement dans le cadre des Modules du Palais de Tokyo, elles r\u00e9-\u00e9mergent. C\u2019est l\u00e0, pr\u00e9cis\u00e9ment, que <a href=\"http:\/\/www.cecilebeau.com\" target=\"_blank\">C\u00e9cile beau<\/a>, en collaboration avec <a href=\"http:\/\/nim.on.free.fr\" target=\"_blank\">Nicolas Montgermont<\/a>, mod\u00e9lise le fr\u00e9missement pass\u00e9 de la cro\u00fbte terrestre chilienne. Les ondulations, \u00e0 la surface de \u201c<em>Sillage<\/em>\u201d, t\u00e9moignent durant 18 minutes de ce qui s\u2019est pass\u00e9 ailleurs. \u00ab \u00c7a a \u00e9t\u00e9 \u00bb semble nous dire l\u2019artiste, sans s\u2019y \u00eatre pour autant rendu, au travers d\u2019une \u0153uvre que l\u2019on pourrait ais\u00e9ment qualifier de cin\u00e9tique. Derri\u00e8re cette pi\u00e8ce connect\u00e9e au pass\u00e9 d\u2019un ailleurs, il y a \u201c<em>Sablier<\/em>\u201d, un autre dispositif de C\u00e9cile Beau, mais en deux parties cette fois. L\u2019une part du plafond, l\u2019autre pousse depuis le sol. Faites de glace, elles ne peuvent que se rejoindre, mais quand ? Alors elle s\u2019approche l\u2019une de l\u2019autre au rythme de nos regards expir\u00e9s. Car ce sont bien les regardeurs qui font \u201c<em>Sablier<\/em>\u201d en expirant la vapeur d\u2019eau que l\u2019\u0153uvre archive en des strates successives qui nous rassemblent tous. Avant qu\u2019elle ne disparaisse, car la glace dont elle est constitu\u00e9e fondera in\u00e9vitablement apr\u00e8s l\u2019exposition.<\/p>\n","protected":false},"excerpt":{"rendered":"<p>C\u00e9cile Beau, \u201cSillage\u201d, 2008, en collaboration avec Nicolas Montgermont. Les s\u00e9ismes, depuis toujours, pr\u00e9occupent les hommes qui en dressent m\u00e9thodiquement les relev\u00e9s dont les plus anciens datent du huiti\u00e8me mill\u00e9naire av. J.-C. Lorsque la terre a trembl\u00e9 le 12 mars &hellip; <a href=\"https:\/\/www.mediaartdesign.net\/blog\/?p=113\">Continuer la lecture <span class=\"meta-nav\">&rarr;<\/span><\/a><\/p>\n","protected":false},"author":1,"featured_media":0,"comment_status":"closed","ping_status":"open","sticky":false,"template":"","format":"standard","meta":{"_mi_skip_tracking":false},"categories":[1],"tags":[],"_links":{"self":[{"href":"https:\/\/www.mediaartdesign.net\/blog\/index.php?rest_route=\/wp\/v2\/posts\/113"}],"collection":[{"href":"https:\/\/www.mediaartdesign.net\/blog\/index.php?rest_route=\/wp\/v2\/posts"}],"about":[{"href":"https:\/\/www.mediaartdesign.net\/blog\/index.php?rest_route=\/wp\/v2\/types\/post"}],"author":[{"embeddable":true,"href":"https:\/\/www.mediaartdesign.net\/blog\/index.php?rest_route=\/wp\/v2\/users\/1"}],"replies":[{"embeddable":true,"href":"https:\/\/www.mediaartdesign.net\/blog\/index.php?rest_route=%2Fwp%2Fv2%2Fcomments&post=113"}],"version-history":[{"count":1,"href":"https:\/\/www.mediaartdesign.net\/blog\/index.php?rest_route=\/wp\/v2\/posts\/113\/revisions"}],"predecessor-version":[{"id":115,"href":"https:\/\/www.mediaartdesign.net\/blog\/index.php?rest_route=\/wp\/v2\/posts\/113\/revisions\/115"}],"wp:attachment":[{"href":"https:\/\/www.mediaartdesign.net\/blog\/index.php?rest_route=%2Fwp%2Fv2%2Fmedia&parent=113"}],"wp:term":[{"taxonomy":"category","embeddable":true,"href":"https:\/\/www.mediaartdesign.net\/blog\/index.php?rest_route=%2Fwp%2Fv2%2Fcategories&post=113"},{"taxonomy":"post_tag","embeddable":true,"href":"https:\/\/www.mediaartdesign.net\/blog\/index.php?rest_route=%2Fwp%2Fv2%2Ftags&post=113"}],"curies":[{"name":"wp","href":"https:\/\/api.w.org\/{rel}","templated":true}]}}