{"id":269,"date":"2014-01-12T20:28:40","date_gmt":"2014-01-12T19:28:40","guid":{"rendered":"http:\/\/www.mediaartdesign.net\/blog\/?p=269"},"modified":"2014-01-12T20:28:40","modified_gmt":"2014-01-12T19:28:40","slug":"joan-fontcuberta-a-la-mep","status":"publish","type":"post","link":"https:\/\/www.mediaartdesign.net\/blog\/?p=269","title":{"rendered":"Joan Fontcuberta \u00e0 la MEP"},"content":{"rendered":"<p><a href=\"http:\/\/www.mediaartdesign.net\/blog\/wp-content\/uploads\/2014\/01\/14_01_12.jpg\"><img decoding=\"async\" loading=\"lazy\" class=\"alignnone size-full wp-image-270\" alt=\"14_01_12\" src=\"http:\/\/www.mediaartdesign.net\/blog\/wp-content\/uploads\/2014\/01\/14_01_12.jpg\" width=\"640\" height=\"384\" srcset=\"https:\/\/www.mediaartdesign.net\/blog\/wp-content\/uploads\/2014\/01\/14_01_12.jpg 640w, https:\/\/www.mediaartdesign.net\/blog\/wp-content\/uploads\/2014\/01\/14_01_12-300x180.jpg 300w\" sizes=\"(max-width: 640px) 100vw, 640px\" \/><\/a><\/p>\n<p style=\"text-align: right;\"><i>Joan Fontcuberta, Orogenesis Derain, 2004.<\/i><\/p>\n<p>Il y a, actuellement \u00e0 la MEP, des photographies de paysages qui n\u2019en sont pas tout \u00e0 fait mais que l\u2019on interpr\u00e8te pourtant comme tel. Et c\u2019est paradoxalement durant une r\u00e9sidence d\u2019artiste au Banff Center, localis\u00e9 dans les montagnes rocheuses canadiennes dont on sait la beaut\u00e9 brute, que <a href=\"http:\/\/www.fontcuberta.com\" target=\"_blank\">Joan Fontcuberta<\/a> a d\u00e9couvert le potentiel artistique d\u2019applications logicielles d\u00e9di\u00e9es \u00e0 la g\u00e9n\u00e9ration de paysages artificiels. Mais ce sont les titres de ces points de vue sans histoire qui font \u0153uvre. \u201c<i>Orogen\u00e8se Derain<\/i>\u201d (2004), par exemple, nous dit tout de la gen\u00e8se de ces montagnes (<i>oros<\/i> signifiant montagne en Grec) puisque c\u2019est un tableau du peintre fran\u00e7ais Derain qui en est l\u2019origine. Joan Fontcuberta a en effet \u201cconverti\u201d des peintures ou photographies d\u2019artistes au lieu d\u2019utiliser les repr\u00e9sentations cartographiques de donn\u00e9es g\u00e9ologiques comme c\u2019est l\u2019usage avec de telles applications. Des plans des \u0153uvres ont ainsi \u00e9merg\u00e9 les reliefs des images. Il n\u2019y a donc ni paysage ni photographe dans les correspondances que l\u2019artiste nous pr\u00e9sente \u00e0 la <a href=\"http:\/\/www.mep-fr.org\" target=\"_blank\">Maison Europ\u00e9enne de la Photographie<\/a> et c\u2019est l\u2019usage d\u00e9tourn\u00e9 de technologies num\u00e9riques aujourd\u2019hui accessibles \u00e0 tous qui fait \u0153uvre. L\u2019aspect quelque peu esth\u00e9tisant de ce que tout un chacun pourrait lire comme des clich\u00e9s de cartes postales flattant le regard dans les repr\u00e9sentations de quelques paysages aux lignes accident\u00e9es n\u2019est qu\u2019un leurre. La v\u00e9rit\u00e9 artistique, quant toute image n\u2019\u00e9tant finalement constitu\u00e9e que de z\u00e9ro et de un \u00e9quivaut selon l\u2019algorithme utilis\u00e9 \u00e0 toute autre, nous est donn\u00e9e par le cartel, tout comme la valeur de l\u2019\u0153uvre, en art conceptuel, est attribu\u00e9e par le contrat qui lie l\u2019artiste au collectionneur.<\/p>\n","protected":false},"excerpt":{"rendered":"<p>Joan Fontcuberta, Orogenesis Derain, 2004. Il y a, actuellement \u00e0 la MEP, des photographies de paysages qui n\u2019en sont pas tout \u00e0 fait mais que l\u2019on interpr\u00e8te pourtant comme tel. Et c\u2019est paradoxalement durant une r\u00e9sidence d\u2019artiste au Banff Center, &hellip; <a href=\"https:\/\/www.mediaartdesign.net\/blog\/?p=269\">Continuer la lecture <span class=\"meta-nav\">&rarr;<\/span><\/a><\/p>\n","protected":false},"author":1,"featured_media":0,"comment_status":"closed","ping_status":"open","sticky":false,"template":"","format":"standard","meta":{"_mi_skip_tracking":false},"categories":[1],"tags":[],"_links":{"self":[{"href":"https:\/\/www.mediaartdesign.net\/blog\/index.php?rest_route=\/wp\/v2\/posts\/269"}],"collection":[{"href":"https:\/\/www.mediaartdesign.net\/blog\/index.php?rest_route=\/wp\/v2\/posts"}],"about":[{"href":"https:\/\/www.mediaartdesign.net\/blog\/index.php?rest_route=\/wp\/v2\/types\/post"}],"author":[{"embeddable":true,"href":"https:\/\/www.mediaartdesign.net\/blog\/index.php?rest_route=\/wp\/v2\/users\/1"}],"replies":[{"embeddable":true,"href":"https:\/\/www.mediaartdesign.net\/blog\/index.php?rest_route=%2Fwp%2Fv2%2Fcomments&post=269"}],"version-history":[{"count":1,"href":"https:\/\/www.mediaartdesign.net\/blog\/index.php?rest_route=\/wp\/v2\/posts\/269\/revisions"}],"predecessor-version":[{"id":271,"href":"https:\/\/www.mediaartdesign.net\/blog\/index.php?rest_route=\/wp\/v2\/posts\/269\/revisions\/271"}],"wp:attachment":[{"href":"https:\/\/www.mediaartdesign.net\/blog\/index.php?rest_route=%2Fwp%2Fv2%2Fmedia&parent=269"}],"wp:term":[{"taxonomy":"category","embeddable":true,"href":"https:\/\/www.mediaartdesign.net\/blog\/index.php?rest_route=%2Fwp%2Fv2%2Fcategories&post=269"},{"taxonomy":"post_tag","embeddable":true,"href":"https:\/\/www.mediaartdesign.net\/blog\/index.php?rest_route=%2Fwp%2Fv2%2Ftags&post=269"}],"curies":[{"name":"wp","href":"https:\/\/api.w.org\/{rel}","templated":true}]}}