{"id":622,"date":"2018-04-01T19:56:11","date_gmt":"2018-04-01T18:56:11","guid":{"rendered":"http:\/\/www.mediaartdesign.net\/blog\/?p=622"},"modified":"2018-04-01T19:59:11","modified_gmt":"2018-04-01T18:59:11","slug":"artistes-robots","status":"publish","type":"post","link":"https:\/\/www.mediaartdesign.net\/blog\/?p=622","title":{"rendered":"Artistes &#038; Robots"},"content":{"rendered":"<p><a href=\"http:\/\/www.mediaartdesign.net\/blog\/wp-content\/uploads\/2018\/04\/18_04_01.jpg\"><img decoding=\"async\" loading=\"lazy\" class=\"alignnone size-full wp-image-623\" src=\"http:\/\/www.mediaartdesign.net\/blog\/wp-content\/uploads\/2018\/04\/18_04_01.jpg\" alt=\"\" width=\"640\" height=\"360\" srcset=\"https:\/\/www.mediaartdesign.net\/blog\/wp-content\/uploads\/2018\/04\/18_04_01.jpg 640w, https:\/\/www.mediaartdesign.net\/blog\/wp-content\/uploads\/2018\/04\/18_04_01-300x169.jpg 300w\" sizes=\"(max-width: 640px) 100vw, 640px\" \/><\/a><\/p>\n<p style=\"text-align: right;\">Miguel Chevalier, <em>Extra-Natures<\/em>, 2018.<\/p>\n<p>L\u2019exposition <em>Artistes &amp; Robots<\/em> consid\u00e9rant l\u2019usage, en art, des machines et du code que les Galeries Nationales du <a href=\"https:\/\/www.grandpalais.fr\" target=\"_blank\" rel=\"noopener\">Grand Palais<\/a> pr\u00e9senteront du 5 avril au 9 juillet 2018 est particuli\u00e8re \u00e0 bien des \u00e9gards. Tout d\u2019abord parce qu\u2019elle est \u00e0 l\u2019initiative d\u2019un artiste qui n\u2019est autre que Miguel Chevalier qui a consacr\u00e9, jusqu\u2019ici, sa carri\u00e8re au virtuel et aux interfaces. Ce dernier, comme conseiller artistique, a su s\u2019entourer de l\u2019historienne de l\u2019art Laurence Bertrand Dorl\u00e9ac et du commissaire d\u2019exposition J\u00e9r\u00f4me Neutres. Et c\u2019est ensemble qu\u2019ils ont con\u00e7u cet \u00e9v\u00e9nement questionnant les relations qu\u2019entretiennent les artistes aux robots de toute nature. L\u2019exposition structur\u00e9e en trois parties s\u2019ouvre sur l\u2019\u0153uvre historique <em>CYSP 1<\/em> de Nicolas Sch\u00f6ffer. Datant de 1956, elle est aujourd\u2019hui consid\u00e9r\u00e9e comme la toute premi\u00e8re installation interactive de l\u2019histoire de l\u2019art puisqu\u2019elle r\u00e9agissait d\u00e9j\u00e0 aux variations de sons comme \u00e0 celles de lumi\u00e8res ou couleurs. Il aura donc fallu une soixantaine d\u2019ann\u00e9es pour que des institutions comme le Grand Palais consid\u00e8rent enfin les apports essentiels du m\u00e9dium num\u00e9rique dans l\u2019art contemporain. La premi\u00e8re partie de l\u2019exposition <em>Artistes &amp; Robots<\/em> qui, \u00e0 n\u2019en pas douter fera date, rassemble des \u201c<em>machines \u00e0 cr\u00e9er<\/em>\u201d o\u00f9 les artistes, ayant envisag\u00e9 des situations en sc\u00e9nographiant leurs machines acceptent qu\u2019elles cr\u00e9ent en leur absence. Spectatrices et spectateurs parachevant ces m\u00eames installations performatives de leurs commentaires inattendus. Il est davantage question, avec la seconde partie de cette exposition d\u00e9di\u00e9e aux \u201c<em>\u0153uvres programm\u00e9es<\/em>\u201d, des codes ou langages que des artistes-programmeurs, comme cet autre pionnier Manfred Mohr, \u00e9crivent pour que des machines les interpr\u00e8tent. Ou quand la computation fait art en calculant des \u0153uvres qui s\u2019inscrivent dans la continuit\u00e9 d\u2019une histoire de l\u2019art qu\u2019elles n\u2019ont de cesse de renouveler \u00e0 l\u2019\u00e8re du tout digital. L\u2019intelligence artificielle, car elle ne pouvait \u00eatre absente de cette exposition, est tr\u00e8s largement \u00e9voqu\u00e9e au sein de la troisi\u00e8me partie d\u2019<em>Artistes &amp; Robots<\/em>. Aux c\u00f4t\u00e9s des incontournables Stelarc ou ORLAN, on remarque la pr\u00e9sence d\u2019une sculpture, <em>Sans Titre<\/em> (2016), de l\u2019artiste Takashi Murakami dont on sait la reconnaissance au sein de la sph\u00e8re de l\u2019art contemporain \u00e0 l\u2019international. Ne serait-ce pas l\u00e0 la preuve par l\u2019\u0153uvre de l\u2019int\u00e9r\u00eat que portent les grands artistes contemporains sur les grandes questions de leur temps. Notons enfin l\u2019existence d\u2019un catalogue poursuivant parfaitement l\u2019exp\u00e9rience de l\u2019exposition <em>Artistes et Robots<\/em>. Celui-ci ayant <em>Visage en nuages de points<\/em> (2017) de Catherine Ikam &amp; Louis Fr\u00e9ri pour couverture. Il est conclu, en derni\u00e8re de couverture, avec quelques questions dont \u00ab\u00a0<em>Un robot peut-il avoir de l\u2019imagination\u00a0?\u00a0<\/em>\u00bb. A la r\u00e9ponse par la n\u00e9gative que pourraient encore donner aujourd\u2019hui bien des chercheurs en intelligence artificielle, nous pr\u00e9f\u00e9rerons relire Philip K. Dick !<\/p>\n","protected":false},"excerpt":{"rendered":"<p>Miguel Chevalier, Extra-Natures, 2018. L\u2019exposition Artistes &amp; Robots consid\u00e9rant l\u2019usage, en art, des machines et du code que les Galeries Nationales du Grand Palais pr\u00e9senteront du 5 avril au 9 juillet 2018 est particuli\u00e8re \u00e0 bien des \u00e9gards. Tout d\u2019abord &hellip; <a href=\"https:\/\/www.mediaartdesign.net\/blog\/?p=622\">Continuer la lecture <span class=\"meta-nav\">&rarr;<\/span><\/a><\/p>\n","protected":false},"author":1,"featured_media":0,"comment_status":"closed","ping_status":"open","sticky":false,"template":"","format":"standard","meta":{"_mi_skip_tracking":false},"categories":[1],"tags":[],"_links":{"self":[{"href":"https:\/\/www.mediaartdesign.net\/blog\/index.php?rest_route=\/wp\/v2\/posts\/622"}],"collection":[{"href":"https:\/\/www.mediaartdesign.net\/blog\/index.php?rest_route=\/wp\/v2\/posts"}],"about":[{"href":"https:\/\/www.mediaartdesign.net\/blog\/index.php?rest_route=\/wp\/v2\/types\/post"}],"author":[{"embeddable":true,"href":"https:\/\/www.mediaartdesign.net\/blog\/index.php?rest_route=\/wp\/v2\/users\/1"}],"replies":[{"embeddable":true,"href":"https:\/\/www.mediaartdesign.net\/blog\/index.php?rest_route=%2Fwp%2Fv2%2Fcomments&post=622"}],"version-history":[{"count":2,"href":"https:\/\/www.mediaartdesign.net\/blog\/index.php?rest_route=\/wp\/v2\/posts\/622\/revisions"}],"predecessor-version":[{"id":625,"href":"https:\/\/www.mediaartdesign.net\/blog\/index.php?rest_route=\/wp\/v2\/posts\/622\/revisions\/625"}],"wp:attachment":[{"href":"https:\/\/www.mediaartdesign.net\/blog\/index.php?rest_route=%2Fwp%2Fv2%2Fmedia&parent=622"}],"wp:term":[{"taxonomy":"category","embeddable":true,"href":"https:\/\/www.mediaartdesign.net\/blog\/index.php?rest_route=%2Fwp%2Fv2%2Fcategories&post=622"},{"taxonomy":"post_tag","embeddable":true,"href":"https:\/\/www.mediaartdesign.net\/blog\/index.php?rest_route=%2Fwp%2Fv2%2Ftags&post=622"}],"curies":[{"name":"wp","href":"https:\/\/api.w.org\/{rel}","templated":true}]}}